{"id":659,"global_id":"www.evelynedodeur.be?id=659","global_id_lineage":["www.evelynedodeur.be?id=659"],"author":"3","status":"publish","date":"2022-06-03 18:04:12","date_utc":"2022-06-03 16:04:12","modified":"2022-09-19 18:05:03","modified_utc":"2022-09-19 16:05:03","url":"https:\/\/www.evelynedodeur.be\/index.php\/event\/formation-a-la-dynamique-participative-sociocratie-et-aux-outils-dintelligence-collective-10-17-et-24-janvier-2023-3-jours\/","rest_url":"https:\/\/www.evelynedodeur.be\/index.php\/wp-json\/tribe\/events\/v1\/events\/659","title":"Formation \u00e0 la dynamique participative (sociocratie) et aux outils d\u2019intelligence collective &#8211; 3 jours : 10, 17 et 24 janvier 2023 &#8211; COMPLET !","description":"<p>\u2013 Formation \u00e0 la dynamique participative (sociocratie) et aux outils d\u2019intelligence collective.<br \/>\n\u2013 3 jours : 10, 17 et 24 janvier 2023 de 9h30 \u00e0 16h30.<br \/>\n\u2013 A Li\u00e8ge (La Bo\u00eete Hullos, rue Hullos, 115a \u00e0 4000 Li\u00e8ge, quartier St-Laurent : https:\/\/laboite-hullos.be\/)<br \/>\n\u2013 Max 12 personnes.<br \/>\n\u2013 Formatrice : Evelyne Dodeur<\/p>\n<p>Objectifs<br \/>\n\u2013 D\u00e9velopper de nouvelles comp\u00e9tences pour faciliter le travail collectif (dans une \u00e9quipe, un groupe).<br \/>\n\u2013 Susciter l\u2019adh\u00e9sion, la motivation, la cr\u00e9ativit\u00e9 et l\u2019implication.<br \/>\n\u2013 Savoir mettre en place les conditions n\u00e9cessaires pour introduire une dynamique participative et faire \u00e9merger l\u2019intelligence collective.<br \/>\n\u2013 D\u00e9couvrir le potentiel des \u00e9motions et d\u00e9velopper son intelligence \u00e9motionnelle au service de nos projets.<br \/>\n\u2013 Exp\u00e9rimenter des outils et des techniques d\u2019intelligence collective et de dynamique participative qui permettent de converger, d\u00e9cider, faire preuve de cr\u00e9ativit\u00e9, g\u00e9rer les \u00e9motions et les tensions, etc.<\/p>\n<p>\u2013 360\u20ac HTVA, soit 435,6\u20ac TVAC (tarifs index\u00e9s \u00e0 partir de 2023)<br \/>\n\u2013 Possibilit\u00e9 de remboursement partiel par le Fonds 4S pour les travailleurs de la CP329.<br \/>\n\u2013 Infos et inscription : contact@evelynedodeur.be<\/p>","excerpt":"","slug":"formation-a-la-dynamique-participative-sociocratie-et-aux-outils-dintelligence-collective-10-17-et-24-janvier-2023-3-jours","image":false,"all_day":false,"start_date":"2023-01-10 09:30:00","start_date_details":{"year":"2023","month":"01","day":"10","hour":"09","minutes":"30","seconds":"00"},"end_date":"2023-01-10 16:30:00","end_date_details":{"year":"2023","month":"01","day":"10","hour":"16","minutes":"30","seconds":"00"},"utc_start_date":"2023-01-10 08:30:00","utc_start_date_details":{"year":"2023","month":"01","day":"10","hour":"08","minutes":"30","seconds":"00"},"utc_end_date":"2023-01-10 15:30:00","utc_end_date_details":{"year":"2023","month":"01","day":"10","hour":"15","minutes":"30","seconds":"00"},"timezone":"Europe\/Paris","timezone_abbr":"CET","cost":"","cost_details":{"currency_symbol":"","currency_position":"prefix","values":[]},"website":"","show_map":true,"show_map_link":true,"hide_from_listings":false,"sticky":false,"featured":false,"categories":[{"name":"Ev\u00e9nement","slug":"evenement","term_group":0,"term_taxonomy_id":24,"taxonomy":"tribe_events_cat","description":"","parent":0,"count":27,"filter":"raw","id":24,"urls":{"self":"https:\/\/www.evelynedodeur.be\/index.php\/wp-json\/tribe\/events\/v1\/categories\/24","collection":"https:\/\/www.evelynedodeur.be\/index.php\/wp-json\/tribe\/events\/v1\/categories"}},{"name":"Formation","slug":"formation","term_group":0,"term_taxonomy_id":16,"taxonomy":"tribe_events_cat","description":"","parent":0,"count":55,"filter":"raw","id":16,"urls":{"self":"https:\/\/www.evelynedodeur.be\/index.php\/wp-json\/tribe\/events\/v1\/categories\/16","collection":"https:\/\/www.evelynedodeur.be\/index.php\/wp-json\/tribe\/events\/v1\/categories"}},{"name":"homepage2","slug":"homepage2","term_group":0,"term_taxonomy_id":18,"taxonomy":"tribe_events_cat","description":"","parent":0,"count":31,"filter":"raw","id":18,"urls":{"self":"https:\/\/www.evelynedodeur.be\/index.php\/wp-json\/tribe\/events\/v1\/categories\/18","collection":"https:\/\/www.evelynedodeur.be\/index.php\/wp-json\/tribe\/events\/v1\/categories"}}],"tags":[],"venue":[],"organizer":[],"json_ld":{"@context":"http:\/\/schema.org","@type":"Event","name":"Formation \u00e0 la dynamique participative (sociocratie) et aux outils d\u2019intelligence collective &#8211; 3 jours : 10, 17 et 24 janvier 2023 &#8211; COMPLET !","description":"&lt;p&gt;\u2013 Formation \u00e0 la dynamique participative (sociocratie) et aux outils d\u2019intelligence collective. \u2013 3 jours : 10, 17 et 24 janvier 2023 de 9h30 \u00e0 16h30. \u2013 A Li\u00e8ge (La Bo\u00eete Hullos, rue Hullos, 115a \u00e0 4000 Li\u00e8ge, quartier St-Laurent : https:\/\/laboite-hullos.be\/) \u2013 Max 12 personnes. \u2013 Formatrice : Evelyne Dodeur Objectifs \u2013 D\u00e9velopper de [&hellip;]&lt;\/p&gt;\\n","url":"https:\/\/www.evelynedodeur.be\/index.php\/event\/formation-a-la-dynamique-participative-sociocratie-et-aux-outils-dintelligence-collective-10-17-et-24-janvier-2023-3-jours\/","startDate":"2023-01-10T09:30:00+01:00","endDate":"2023-01-10T16:30:00+01:00","performer":"Organization"}}