{"id":342,"global_id":"www.evelynedodeur.be?id=342","global_id_lineage":["www.evelynedodeur.be?id=342"],"author":"3","status":"publish","date":"2018-10-22 10:51:58","date_utc":"2018-10-22 08:51:58","modified":"2019-01-06 18:03:44","modified_utc":"2019-01-06 17:03:44","url":"https:\/\/www.evelynedodeur.be\/index.php\/event\/formation-a-une-communication-consciente-respectueuse-et-efficace-j-1-2\/","rest_url":"https:\/\/www.evelynedodeur.be\/index.php\/wp-json\/tribe\/events\/v1\/events\/342","title":"Formation \u00e0 une communication consciente, respectueuse et efficace (j 1\/2)","description":"<div class=\"tribe-events-single-event-description tribe-events-content\">\n<p><strong>26 mars et 2 avril 2019 \u00e0 4000 Li\u00e8ge, Espace Pr\u00e9montr\u00e9s, rue des Pr\u00e9montr\u00e9s n\u00b040.<br \/>\n<\/strong><\/p>\n<p><em>La communication au travail ou \u00e0 la maison reste un vrai challenge ! Venez exp\u00e9rimenter une autre fa\u00e7on de communiquer inspir\u00e9e du processus de Marshall Rosenberg.<\/em><\/p>\n<p><strong>Concr\u00e8tement<\/strong><\/p>\n<p>Si le processus de la Communication NonViolente est simple \u00e0 comprendre, il n\u2019est pas facile \u00e0 appliquer au quotidien. Nous vous proposons de l\u2019exp\u00e9rimenter pendant 2 jours \u00e0 partir de situations v\u00e9cues par les participants. L\u2019objectif est de d\u00e9couvrir l\u2019outil ou de l\u2019ancrer davantage si vous le connaissez d\u00e9j\u00e0.<\/p>\n<p>Nous distinguerons les faits observables des jugements ; nous identifierons nos \u00e9motions et celles des autres pour leur donner du sens ; nous prendrons soin de nos besoins de fa\u00e7on autonome ou en collaboration avec les autres gr\u00e2ce \u00e0 des demandes claires et pr\u00e9cises.<br \/>\nDans un cadre s\u00e9curisant et bienveillant, nous varierons les moments de r\u00e9flexion personnelle, les \u00e9changes en petit et grand groupe.<\/p>\n<p>Poser ses limites, exprimer un feed-back constructif, encourager la collaboration, oser dire non, solliciter de l\u2019aide, g\u00e9rer ses \u00e9motions et celles des autres\u2026 Autant de comp\u00e9tences qui seront d\u00e9velopp\u00e9es.<\/p>\n<p><strong>Prix<\/strong> : 240\u20ac HTVA \u2013 290,4 \u20ac TVAC (le prix comprend le syllabus + caf\u00e9, th\u00e9, biscuits)<\/p>\n<p><strong>Infos et r\u00e9servation<\/strong> : evelyne.dodeur@evelynedodeur.be ou 0495\/67.46.09<\/p>\n<p><strong>Maximum 10 personnes<\/strong><\/p>\n<\/div>","excerpt":"","slug":"formation-a-une-communication-consciente-respectueuse-et-efficace-j-1-2","image":{"url":"https:\/\/www.evelynedodeur.be\/wp-content\/uploads\/2018\/10\/IMG_3218.jpg","id":344,"extension":"jpg","width":5184,"height":3456,"sizes":{"thumbnail":{"width":150,"height":150,"mime-type":"image\/jpeg","url":"https:\/\/www.evelynedodeur.be\/wp-content\/uploads\/2018\/10\/IMG_3218-150x150.jpg"},"medium":{"width":300,"height":200,"mime-type":"image\/jpeg","url":"https:\/\/www.evelynedodeur.be\/wp-content\/uploads\/2018\/10\/IMG_3218-300x200.jpg"},"medium_large":{"width":768,"height":512,"mime-type":"image\/jpeg","url":"https:\/\/www.evelynedodeur.be\/wp-content\/uploads\/2018\/10\/IMG_3218-768x512.jpg"},"large":{"width":1024,"height":683,"mime-type":"image\/jpeg","url":"https:\/\/www.evelynedodeur.be\/wp-content\/uploads\/2018\/10\/IMG_3218-1024x683.jpg"},"cookie-standard-thumbnail":{"width":1080,"height":720,"mime-type":"image\/jpeg","url":"https:\/\/www.evelynedodeur.be\/wp-content\/uploads\/2018\/10\/IMG_3218-1080x720.jpg"},"cookie-grid-thumbnail":{"width":640,"height":427,"mime-type":"image\/jpeg","url":"https:\/\/www.evelynedodeur.be\/wp-content\/uploads\/2018\/10\/IMG_3218-640x427.jpg"},"cookie-carousel-thumbnail":{"width":640,"height":640,"mime-type":"image\/jpeg","url":"https:\/\/www.evelynedodeur.be\/wp-content\/uploads\/2018\/10\/IMG_3218-640x640.jpg"}}},"all_day":false,"start_date":"2019-03-26 09:30:00","start_date_details":{"year":"2019","month":"03","day":"26","hour":"09","minutes":"30","seconds":"00"},"end_date":"2019-03-26 16:30:00","end_date_details":{"year":"2019","month":"03","day":"26","hour":"16","minutes":"30","seconds":"00"},"utc_start_date":"2019-03-26 08:30:00","utc_start_date_details":{"year":"2019","month":"03","day":"26","hour":"08","minutes":"30","seconds":"00"},"utc_end_date":"2019-03-26 15:30:00","utc_end_date_details":{"year":"2019","month":"03","day":"26","hour":"15","minutes":"30","seconds":"00"},"timezone":"Europe\/Paris","timezone_abbr":"CET","cost":"","cost_details":{"currency_symbol":"","currency_position":"prefix","values":[]},"website":"","show_map":true,"show_map_link":true,"hide_from_listings":false,"sticky":false,"featured":false,"categories":[{"name":"Formation","slug":"formation","term_group":0,"term_taxonomy_id":16,"taxonomy":"tribe_events_cat","description":"","parent":0,"count":55,"filter":"raw","id":16,"urls":{"self":"https:\/\/www.evelynedodeur.be\/index.php\/wp-json\/tribe\/events\/v1\/categories\/16","collection":"https:\/\/www.evelynedodeur.be\/index.php\/wp-json\/tribe\/events\/v1\/categories"}},{"name":"homepage1","slug":"homepage1","term_group":0,"term_taxonomy_id":17,"taxonomy":"tribe_events_cat","description":"","parent":0,"count":5,"filter":"raw","id":17,"urls":{"self":"https:\/\/www.evelynedodeur.be\/index.php\/wp-json\/tribe\/events\/v1\/categories\/17","collection":"https:\/\/www.evelynedodeur.be\/index.php\/wp-json\/tribe\/events\/v1\/categories"}}],"tags":[],"venue":[],"organizer":[],"json_ld":{"@context":"http:\/\/schema.org","@type":"Event","name":"Formation \u00e0 une communication consciente, respectueuse et efficace (j 1\/2)","description":"&lt;p&gt;26 mars et 2 avril 2019 \u00e0 4000 Li\u00e8ge, Espace Pr\u00e9montr\u00e9s, rue des Pr\u00e9montr\u00e9s n\u00b040. La communication au travail ou \u00e0 la maison reste un vrai challenge ! Venez exp\u00e9rimenter une autre fa\u00e7on de communiquer inspir\u00e9e du processus de Marshall Rosenberg. Concr\u00e8tement Si le processus de la Communication NonViolente est simple \u00e0 comprendre, il n\u2019est [&hellip;]&lt;\/p&gt;\\n","image":"https:\/\/www.evelynedodeur.be\/wp-content\/uploads\/2018\/10\/IMG_3218.jpg","url":"https:\/\/www.evelynedodeur.be\/index.php\/event\/formation-a-une-communication-consciente-respectueuse-et-efficace-j-1-2\/","startDate":"2019-03-26T09:30:00+01:00","endDate":"2019-03-26T16:30:00+01:00","performer":"Organization"}}